{"id":1589,"date":"2019-06-22T09:00:44","date_gmt":"2019-06-22T09:00:44","guid":{"rendered":"https:\/\/vsreinsberg.ac.at\/?p=1589"},"modified":"2019-12-27T17:40:51","modified_gmt":"2019-12-27T17:40:51","slug":"30-jahre-kulturvolksschule-2","status":"publish","type":"post","link":"https:\/\/vsreinsberg.ac.at\/?p=1589","title":{"rendered":"30 JAHRE KULTURVOLKSSCHULE"},"content":{"rendered":"<p><img loading=\"lazy\" decoding=\"async\" width=\"640\" height=\"914\" class=\"aligncenter size-full wp-image-1526\" alt=\"\" src=\"https:\/\/vsreinsberg.ac.at\/wp-content\/uploads\/2019\/05\/IMG_20190526_185559-Custom.jpg\" srcset=\"https:\/\/vsreinsberg.ac.at\/wp-content\/uploads\/2019\/05\/IMG_20190526_185559-Custom.jpg 640w, https:\/\/vsreinsberg.ac.at\/wp-content\/uploads\/2019\/05\/IMG_20190526_185559-Custom-210x300.jpg 210w\" sizes=\"auto, (max-width: 640px) 100vw, 640px\" \/><\/p>\n<p>Am Freitag, den 21.Juni war es endlich soweit: Die VS Reinsberg feierte ihren 30igsten Geburtstag! Nach vielen Proben und Vorbereitungen konnten alle Sch\u00fcler, Lehrer, Mitarbeiter und G\u00e4ste das Fest genie\u00dfen.&nbsp; Wir m\u00f6chten uns an dieser Stelle auch nocheinmal ganz herzlich beim Elternverein f\u00fcr die Verk\u00f6stigung bedanken! Au\u00dferdem bei der Gemeinde f\u00fcr ihre Vorbereitung und beim Herrn B\u00fcrgermeister! Dankesch\u00f6n! Hier einige Eindr\u00fccke von der Feier&#8230;<\/p>\n<figure id=\"attachment_1590\" aria-describedby=\"caption-attachment-1590\" style=\"width: 853px\" class=\"wp-caption aligncenter\"><img loading=\"lazy\" decoding=\"async\" width=\"853\" height=\"640\" class=\"size-full wp-image-1590\" alt=\"\" src=\"https:\/\/vsreinsberg.ac.at\/wp-content\/uploads\/2019\/06\/IMG_20190621_105307-Custom.jpg\" srcset=\"https:\/\/vsreinsberg.ac.at\/wp-content\/uploads\/2019\/06\/IMG_20190621_105307-Custom.jpg 853w, https:\/\/vsreinsberg.ac.at\/wp-content\/uploads\/2019\/06\/IMG_20190621_105307-Custom-300x225.jpg 300w, https:\/\/vsreinsberg.ac.at\/wp-content\/uploads\/2019\/06\/IMG_20190621_105307-Custom-768x576.jpg 768w\" sizes=\"auto, (max-width: 853px) 100vw, 853px\" \/><figcaption id=\"caption-attachment-1590\" class=\"wp-caption-text\">dig<\/figcaption><\/figure>\n<figure id=\"attachment_1591\" aria-describedby=\"caption-attachment-1591\" style=\"width: 474px\" class=\"wp-caption aligncenter\"><img loading=\"lazy\" decoding=\"async\" width=\"474\" height=\"632\" class=\"size-large wp-image-1591\" alt=\"\" src=\"https:\/\/vsreinsberg.ac.at\/wp-content\/uploads\/2019\/06\/IMG_20190621_110743-Custom.jpg\" srcset=\"https:\/\/vsreinsberg.ac.at\/wp-content\/uploads\/2019\/06\/IMG_20190621_110743-Custom.jpg 640w, https:\/\/vsreinsberg.ac.at\/wp-content\/uploads\/2019\/06\/IMG_20190621_110743-Custom-225x300.jpg 225w\" sizes=\"auto, (max-width: 474px) 100vw, 474px\" \/><figcaption id=\"caption-attachment-1591\" class=\"wp-caption-text\">dig<\/figcaption><\/figure>\n<p>&#8230;Weitere Bilder finden Sie dann in der<a href=\"https:\/\/vsreinsberg.ac.at\/index.php\/nggallery\/schuljahr-2018-19\/30-Jahre-VS-Reinsberg?page_id=797\"> Bildergalerie!<\/a><\/p>\n<p>&nbsp;<\/p>\n<figure id=\"attachment_1592\" aria-describedby=\"caption-attachment-1592\" style=\"width: 853px\" class=\"wp-caption aligncenter\"><img loading=\"lazy\" decoding=\"async\" width=\"853\" height=\"640\" class=\"size-full wp-image-1592\" alt=\"\" src=\"https:\/\/vsreinsberg.ac.at\/wp-content\/uploads\/2019\/06\/IMG_20190621_114008-Custom.jpg\" srcset=\"https:\/\/vsreinsberg.ac.at\/wp-content\/uploads\/2019\/06\/IMG_20190621_114008-Custom.jpg 853w, https:\/\/vsreinsberg.ac.at\/wp-content\/uploads\/2019\/06\/IMG_20190621_114008-Custom-300x225.jpg 300w, https:\/\/vsreinsberg.ac.at\/wp-content\/uploads\/2019\/06\/IMG_20190621_114008-Custom-768x576.jpg 768w\" sizes=\"auto, (max-width: 853px) 100vw, 853px\" \/><figcaption id=\"caption-attachment-1592\" class=\"wp-caption-text\">dav<\/figcaption><\/figure>\n<figure id=\"attachment_1595\" aria-describedby=\"caption-attachment-1595\" style=\"width: 474px\" class=\"wp-caption aligncenter\"><img loading=\"lazy\" decoding=\"async\" width=\"474\" height=\"356\" class=\"size-large wp-image-1595\" alt=\"\" src=\"https:\/\/vsreinsberg.ac.at\/wp-content\/uploads\/2019\/06\/IMG_20190621_111854-Custom.jpg\" srcset=\"https:\/\/vsreinsberg.ac.at\/wp-content\/uploads\/2019\/06\/IMG_20190621_111854-Custom.jpg 853w, https:\/\/vsreinsberg.ac.at\/wp-content\/uploads\/2019\/06\/IMG_20190621_111854-Custom-300x225.jpg 300w, https:\/\/vsreinsberg.ac.at\/wp-content\/uploads\/2019\/06\/IMG_20190621_111854-Custom-768x576.jpg 768w\" sizes=\"auto, (max-width: 474px) 100vw, 474px\" \/><figcaption id=\"caption-attachment-1595\" class=\"wp-caption-text\">dig<\/figcaption><\/figure>\n<figure id=\"attachment_1598\" aria-describedby=\"caption-attachment-1598\" style=\"width: 640px\" class=\"wp-caption aligncenter\"><img loading=\"lazy\" decoding=\"async\" width=\"640\" height=\"853\" class=\"size-full wp-image-1598\" alt=\"\" src=\"https:\/\/vsreinsberg.ac.at\/wp-content\/uploads\/2019\/06\/IMG_20190621_111934-Custom.jpg\" srcset=\"https:\/\/vsreinsberg.ac.at\/wp-content\/uploads\/2019\/06\/IMG_20190621_111934-Custom.jpg 640w, https:\/\/vsreinsberg.ac.at\/wp-content\/uploads\/2019\/06\/IMG_20190621_111934-Custom-225x300.jpg 225w\" sizes=\"auto, (max-width: 640px) 100vw, 640px\" \/><figcaption id=\"caption-attachment-1598\" class=\"wp-caption-text\">dig<\/figcaption><\/figure>\n","protected":false},"excerpt":{"rendered":"<p>Am Freitag, den 21.Juni war es endlich soweit: Die VS Reinsberg feierte ihren 30igsten Geburtstag! Nach vielen Proben und Vorbereitungen konnten alle Sch\u00fcler, Lehrer, Mitarbeiter und G\u00e4ste das Fest genie\u00dfen.&nbsp; Wir m\u00f6chten uns an dieser Stelle auch nocheinmal ganz herzlich beim Elternverein f\u00fcr die Verk\u00f6stigung bedanken! Au\u00dferdem bei der Gemeinde f\u00fcr ihre Vorbereitung und beim &hellip; <a href=\"https:\/\/vsreinsberg.ac.at\/?p=1589\" class=\"more-link\"><span class=\"screen-reader-text\">30 JAHRE KULTURVOLKSSCHULE<\/span> weiterlesen <span class=\"meta-nav\">&rarr;<\/span><\/a><\/p>\n","protected":false},"author":1,"featured_media":0,"comment_status":"closed","ping_status":"closed","sticky":false,"template":"","format":"standard","meta":{"ngg_post_thumbnail":0,"footnotes":""},"categories":[2],"tags":[],"class_list":["post-1589","post","type-post","status-publish","format-standard","hentry","category-aktuelles"],"_links":{"self":[{"href":"https:\/\/vsreinsberg.ac.at\/index.php?rest_route=\/wp\/v2\/posts\/1589","targetHints":{"allow":["GET"]}}],"collection":[{"href":"https:\/\/vsreinsberg.ac.at\/index.php?rest_route=\/wp\/v2\/posts"}],"about":[{"href":"https:\/\/vsreinsberg.ac.at\/index.php?rest_route=\/wp\/v2\/types\/post"}],"author":[{"embeddable":true,"href":"https:\/\/vsreinsberg.ac.at\/index.php?rest_route=\/wp\/v2\/users\/1"}],"replies":[{"embeddable":true,"href":"https:\/\/vsreinsberg.ac.at\/index.php?rest_route=%2Fwp%2Fv2%2Fcomments&post=1589"}],"version-history":[{"count":7,"href":"https:\/\/vsreinsberg.ac.at\/index.php?rest_route=\/wp\/v2\/posts\/1589\/revisions"}],"predecessor-version":[{"id":2148,"href":"https:\/\/vsreinsberg.ac.at\/index.php?rest_route=\/wp\/v2\/posts\/1589\/revisions\/2148"}],"wp:attachment":[{"href":"https:\/\/vsreinsberg.ac.at\/index.php?rest_route=%2Fwp%2Fv2%2Fmedia&parent=1589"}],"wp:term":[{"taxonomy":"category","embeddable":true,"href":"https:\/\/vsreinsberg.ac.at\/index.php?rest_route=%2Fwp%2Fv2%2Fcategories&post=1589"},{"taxonomy":"post_tag","embeddable":true,"href":"https:\/\/vsreinsberg.ac.at\/index.php?rest_route=%2Fwp%2Fv2%2Ftags&post=1589"}],"curies":[{"name":"wp","href":"https:\/\/api.w.org\/{rel}","templated":true}]}}