{"id":2665,"date":"2021-02-04T19:05:11","date_gmt":"2021-02-04T19:05:11","guid":{"rendered":"https:\/\/vsreinsberg.ac.at\/?p=2665"},"modified":"2021-02-04T19:05:11","modified_gmt":"2021-02-04T19:05:11","slug":"unsere-schulbibliothek","status":"publish","type":"post","link":"https:\/\/vsreinsberg.ac.at\/?p=2665","title":{"rendered":"Unsere Schulbibliothek"},"content":{"rendered":"<p><img loading=\"lazy\" decoding=\"async\" class=\"size-medium wp-image-2672 aligncenter\" src=\"https:\/\/vsreinsberg.ac.at\/wp-content\/uploads\/2021\/02\/Bibliothek2-300x225.jpg\" alt=\"\" width=\"300\" height=\"225\" srcset=\"https:\/\/vsreinsberg.ac.at\/wp-content\/uploads\/2021\/02\/Bibliothek2-300x225.jpg 300w, https:\/\/vsreinsberg.ac.at\/wp-content\/uploads\/2021\/02\/Bibliothek2-768x576.jpg 768w, https:\/\/vsreinsberg.ac.at\/wp-content\/uploads\/2021\/02\/Bibliothek2-1024x768.jpg 1024w, https:\/\/vsreinsberg.ac.at\/wp-content\/uploads\/2021\/02\/Bibliothek2.jpg 1600w\" sizes=\"auto, (max-width: 300px) 100vw, 300px\" \/><\/p>\n<p>Das langersehnte Vorhaben, eine Bibliothek in der VS Reinsberg\u00a0einzurichten, wurde uns heuer\u00a0durch\u00a0Herr B\u00fcrgermeister Franz Faschingleitner m\u00f6glich.\u00a0Flexibilit\u00e4t und eine harmonische Atmosph\u00e4re standen bei der Planung im Vordergrund.\u00a0In diesem Sinne wurden\u00a0verschiebbare Holzb\u00e4nke, welche\u00a0individuell platziert und gestapelt werden k\u00f6nnen, gefertigt. Der gro\u00dfe Raumteiler bietet Platz, um alle B\u00fcchersch\u00e4tze der VS gut organisiert und f\u00fcr die Kinder erreichbar zu pr\u00e4sentieren.<\/p>\n<p>Danke an Herrn B\u00fcrgermeister\u00a0f\u00fcr die Organisation und Finanzierung. Gro\u00dfen Dank auch\u00a0an die Gemeindearbeiter f\u00fcr die Fertigung und Installierung der M\u00f6bel sowie der neuen Wandgestaltung.<\/p>\n<p>Ein herzliches Danke m\u00f6chten wir auch den engagierten Elternvereinsmitgliedern f\u00fcr die Dekorationen aussprechen.\u00a0Die gem\u00fctlichen, gro\u00dfz\u00fcgigen Sitzs\u00e4cke und Polster laden die Kinder ein, sich hier mit einem Buch zur\u00fcckzuziehen.\u00a0Die Auswahl der Textilauflagen f\u00fcr die Holzboxen\u00a0bedurfte\u00a0einiger T\u00fcftelei, h\u00e4ufigen Absprachen und gro\u00dfz\u00fcgiger finanzieller Unterst\u00fctzung durch den Elternverein. Danke!<\/p>\n<p><img loading=\"lazy\" decoding=\"async\" class=\"size-medium wp-image-2673 aligncenter\" src=\"https:\/\/vsreinsberg.ac.at\/wp-content\/uploads\/2021\/02\/Bibliothek1-300x225.jpg\" alt=\"\" width=\"300\" height=\"225\" srcset=\"https:\/\/vsreinsberg.ac.at\/wp-content\/uploads\/2021\/02\/Bibliothek1-300x225.jpg 300w, https:\/\/vsreinsberg.ac.at\/wp-content\/uploads\/2021\/02\/Bibliothek1-768x576.jpg 768w, https:\/\/vsreinsberg.ac.at\/wp-content\/uploads\/2021\/02\/Bibliothek1-1024x768.jpg 1024w, https:\/\/vsreinsberg.ac.at\/wp-content\/uploads\/2021\/02\/Bibliothek1.jpg 1600w\" sizes=\"auto, (max-width: 300px) 100vw, 300px\" \/><\/p>\n<p><img loading=\"lazy\" decoding=\"async\" class=\"size-medium wp-image-2671 aligncenter\" src=\"https:\/\/vsreinsberg.ac.at\/wp-content\/uploads\/2021\/02\/Bibliothek3-300x225.jpg\" alt=\"\" width=\"300\" height=\"225\" srcset=\"https:\/\/vsreinsberg.ac.at\/wp-content\/uploads\/2021\/02\/Bibliothek3-300x225.jpg 300w, https:\/\/vsreinsberg.ac.at\/wp-content\/uploads\/2021\/02\/Bibliothek3-768x576.jpg 768w, https:\/\/vsreinsberg.ac.at\/wp-content\/uploads\/2021\/02\/Bibliothek3-1024x768.jpg 1024w, https:\/\/vsreinsberg.ac.at\/wp-content\/uploads\/2021\/02\/Bibliothek3.jpg 1600w\" sizes=\"auto, (max-width: 300px) 100vw, 300px\" \/><\/p>\n<p>&nbsp;<\/p>\n<p>&nbsp;<\/p>\n<p>&nbsp;<\/p>\n<p>&nbsp;<\/p>\n<p>&nbsp;<\/p>\n<p>&nbsp;<\/p>\n","protected":false},"excerpt":{"rendered":"<p>Das langersehnte Vorhaben, eine Bibliothek in der VS Reinsberg\u00a0einzurichten, wurde uns heuer\u00a0durch\u00a0Herr B\u00fcrgermeister Franz Faschingleitner m\u00f6glich.\u00a0Flexibilit\u00e4t und eine harmonische Atmosph\u00e4re standen bei der Planung im Vordergrund.\u00a0In diesem Sinne wurden\u00a0verschiebbare Holzb\u00e4nke, welche\u00a0individuell platziert und gestapelt werden k\u00f6nnen, gefertigt. Der gro\u00dfe Raumteiler bietet Platz, um alle B\u00fcchersch\u00e4tze der VS gut organisiert und f\u00fcr die Kinder erreichbar zu &hellip; <a href=\"https:\/\/vsreinsberg.ac.at\/?p=2665\" class=\"more-link\"><span class=\"screen-reader-text\">Unsere Schulbibliothek<\/span> weiterlesen <span class=\"meta-nav\">&rarr;<\/span><\/a><\/p>\n","protected":false},"author":2,"featured_media":0,"comment_status":"closed","ping_status":"closed","sticky":false,"template":"","format":"standard","meta":{"ngg_post_thumbnail":0,"footnotes":""},"categories":[2],"tags":[],"class_list":["post-2665","post","type-post","status-publish","format-standard","hentry","category-aktuelles"],"_links":{"self":[{"href":"https:\/\/vsreinsberg.ac.at\/index.php?rest_route=\/wp\/v2\/posts\/2665","targetHints":{"allow":["GET"]}}],"collection":[{"href":"https:\/\/vsreinsberg.ac.at\/index.php?rest_route=\/wp\/v2\/posts"}],"about":[{"href":"https:\/\/vsreinsberg.ac.at\/index.php?rest_route=\/wp\/v2\/types\/post"}],"author":[{"embeddable":true,"href":"https:\/\/vsreinsberg.ac.at\/index.php?rest_route=\/wp\/v2\/users\/2"}],"replies":[{"embeddable":true,"href":"https:\/\/vsreinsberg.ac.at\/index.php?rest_route=%2Fwp%2Fv2%2Fcomments&post=2665"}],"version-history":[{"count":8,"href":"https:\/\/vsreinsberg.ac.at\/index.php?rest_route=\/wp\/v2\/posts\/2665\/revisions"}],"predecessor-version":[{"id":2680,"href":"https:\/\/vsreinsberg.ac.at\/index.php?rest_route=\/wp\/v2\/posts\/2665\/revisions\/2680"}],"wp:attachment":[{"href":"https:\/\/vsreinsberg.ac.at\/index.php?rest_route=%2Fwp%2Fv2%2Fmedia&parent=2665"}],"wp:term":[{"taxonomy":"category","embeddable":true,"href":"https:\/\/vsreinsberg.ac.at\/index.php?rest_route=%2Fwp%2Fv2%2Fcategories&post=2665"},{"taxonomy":"post_tag","embeddable":true,"href":"https:\/\/vsreinsberg.ac.at\/index.php?rest_route=%2Fwp%2Fv2%2Ftags&post=2665"}],"curies":[{"name":"wp","href":"https:\/\/api.w.org\/{rel}","templated":true}]}}